{"id":1,"name":"didierleprof","url":"https:\/\/didierleprof.com","description":"Prof de philo depuis plus de 30 ans, j'ai d\u00e9cid\u00e9 de mettre mon exp\u00e9rience au service de tou-te-s \u00e0 travers une plate-forme philosophique : didierleprof.com","link":"https:\/\/didierleprof.com\/?author=1","slug":"didierleprof","avatar_urls":{"24":"https:\/\/secure.gravatar.com\/avatar\/9f40ac48d229fda1a4715fe4bccc5bcbf3c9c94deff737016f45bdb82d80a63f?s=24&d=mm&r=g","48":"https:\/\/secure.gravatar.com\/avatar\/9f40ac48d229fda1a4715fe4bccc5bcbf3c9c94deff737016f45bdb82d80a63f?s=48&d=mm&r=g","96":"https:\/\/secure.gravatar.com\/avatar\/9f40ac48d229fda1a4715fe4bccc5bcbf3c9c94deff737016f45bdb82d80a63f?s=96&d=mm&r=g"},"meta":{"jetpack_donation_warning_dismissed":false},"_links":{"self":[{"href":"https:\/\/didierleprof.com\/index.php?rest_route=\/wp\/v2\/users\/1","targetHints":{"allow":["GET"]}}],"collection":[{"href":"https:\/\/didierleprof.com\/index.php?rest_route=\/wp\/v2\/users"}]}}