{"id":857,"date":"2023-01-31T17:52:52","date_gmt":"2023-01-31T16:52:52","guid":{"rendered":"https:\/\/didierleprof.com\/?p=857"},"modified":"2023-01-31T17:52:56","modified_gmt":"2023-01-31T16:52:56","slug":"la-question-des-retraites-nest-elle-pas-celle-du-travail","status":"publish","type":"post","link":"https:\/\/didierleprof.com\/?p=857","title":{"rendered":"La question des retraites n&#8217;est-elle pas celle du travail ?"},"content":{"rendered":"\n<p>On dit tout et son contraire sur les retraites. Mais on dit, aussi, tout et son contraire sur le travail. La r\u00e9forme qui s&#8217;annonce est l&#8217;occasion de r\u00e9fl\u00e9chir sur la notion de travail car comprendre notre perception du travail peut nous \u00e9clairer sur notre perception de ce qu&#8217;est la retraite.<\/p>\n\n\n\n<figure class=\"wp-block-embed is-type-video is-provider-youtube wp-block-embed-youtube wp-embed-aspect-16-9 wp-has-aspect-ratio\"><div class=\"wp-block-embed__wrapper\">\n<div class=\"jetpack-video-wrapper\"><iframe loading=\"lazy\" title=\"La question des retraites n&#039;est-elle pas celle du travail ?\" width=\"1170\" height=\"658\" src=\"https:\/\/www.youtube.com\/embed\/-G05bpVc7mU?feature=oembed\" frameborder=\"0\" allow=\"accelerometer; autoplay; clipboard-write; encrypted-media; gyroscope; picture-in-picture; web-share\" allowfullscreen><\/iframe><\/div>\n<\/div><\/figure>\n","protected":false},"excerpt":{"rendered":"<p>On dit tout et son contraire sur les retraites. Mais on dit, aussi, tout et son contraire sur le travail. La r\u00e9forme qui s&#8217;annonce est l&#8217;occasion de r\u00e9fl\u00e9chir sur la [&hellip;]<\/p>\n","protected":false},"author":1,"featured_media":0,"comment_status":"open","ping_status":"open","sticky":false,"template":"","format":"standard","meta":{"om_disable_all_campaigns":false,"_monsterinsights_skip_tracking":false,"_monsterinsights_sitenote_active":false,"_monsterinsights_sitenote_note":"","_monsterinsights_sitenote_category":0,"_jetpack_memberships_contains_paid_content":false,"footnotes":"","jetpack_publicize_message":"","jetpack_publicize_feature_enabled":true,"jetpack_social_post_already_shared":true,"jetpack_social_options":{"image_generator_settings":{"template":"highway","default_image_id":0,"font":"","enabled":false},"version":2}},"categories":[36],"tags":[77,78,23,76,75],"class_list":["post-857","post","type-post","status-publish","format-standard","hentry","category-actualite-critique","tag-emploi","tag-loisirs","tag-philosophie","tag-retraites","tag-travail"],"aioseo_notices":[],"jetpack_publicize_connections":[],"jetpack_featured_media_url":"","jetpack_sharing_enabled":true,"jetpack_likes_enabled":true,"jetpack_shortlink":"https:\/\/wp.me\/pdsdKK-dP","_links":{"self":[{"href":"https:\/\/didierleprof.com\/index.php?rest_route=\/wp\/v2\/posts\/857","targetHints":{"allow":["GET"]}}],"collection":[{"href":"https:\/\/didierleprof.com\/index.php?rest_route=\/wp\/v2\/posts"}],"about":[{"href":"https:\/\/didierleprof.com\/index.php?rest_route=\/wp\/v2\/types\/post"}],"author":[{"embeddable":true,"href":"https:\/\/didierleprof.com\/index.php?rest_route=\/wp\/v2\/users\/1"}],"replies":[{"embeddable":true,"href":"https:\/\/didierleprof.com\/index.php?rest_route=%2Fwp%2Fv2%2Fcomments&post=857"}],"version-history":[{"count":1,"href":"https:\/\/didierleprof.com\/index.php?rest_route=\/wp\/v2\/posts\/857\/revisions"}],"predecessor-version":[{"id":858,"href":"https:\/\/didierleprof.com\/index.php?rest_route=\/wp\/v2\/posts\/857\/revisions\/858"}],"wp:attachment":[{"href":"https:\/\/didierleprof.com\/index.php?rest_route=%2Fwp%2Fv2%2Fmedia&parent=857"}],"wp:term":[{"taxonomy":"category","embeddable":true,"href":"https:\/\/didierleprof.com\/index.php?rest_route=%2Fwp%2Fv2%2Fcategories&post=857"},{"taxonomy":"post_tag","embeddable":true,"href":"https:\/\/didierleprof.com\/index.php?rest_route=%2Fwp%2Fv2%2Ftags&post=857"}],"curies":[{"name":"wp","href":"https:\/\/api.w.org\/{rel}","templated":true}]}}