{"id":801,"date":"2022-03-01T15:10:49","date_gmt":"2022-03-01T14:10:49","guid":{"rendered":"https:\/\/didierleprof.com\/?p=801"},"modified":"2022-03-01T15:10:51","modified_gmt":"2022-03-01T14:10:51","slug":"peut-on-penser-la-guerre","status":"publish","type":"post","link":"https:\/\/didierleprof.com\/?p=801","title":{"rendered":"Peut-on penser la guerre ?"},"content":{"rendered":"\n<blockquote class=\"wp-block-quote is-style-default is-layout-flow wp-block-quote-is-layout-flow\"><p>\u00ab&nbsp;<em>Quelle connerie la guerre&nbsp;!<\/em>&nbsp;\u00bb&nbsp;&nbsp;\u00ab&nbsp;<em>La paix c&#8217;est bien&nbsp;! La guerre c&#8217;est mal !&nbsp;<\/em>\u00bb&nbsp;<\/p><\/blockquote>\n\n\n\n<div class=\"wp-block-image\"><figure class=\"alignleft size-large\"><img data-recalc-dims=\"1\" decoding=\"async\" src=\"https:\/\/i0.wp.com\/mcusercontent.com\/3edf976f050ef36e9b04ba53c\/images\/4f169385-57f2-1065-ba29-34745b710a34.jpg?w=1170&#038;ssl=1\" alt=\"\"\/><figcaption><em><strong>Les Inaptes au travail<\/strong><\/em>&nbsp;<a href=\"https:\/\/fr.wikipedia.org\/wiki\/David_Ol%C3%A8re\">David Ol\u00e8re<\/a><\/figcaption><\/figure><\/div>\n\n\n\n<p class=\"has-drop-cap\">Dire des banalit\u00e9s sur la guerre est assez facile.&nbsp;Mais y penser vraiment, est-ce possible&nbsp;?&nbsp;<br>Il est de bon ton de l&#8217;opposer \u00e0 la paix et de consid\u00e9rer que si la guerre est la pire des choses, la paix serait la meilleure. Ainsi donc, il faudrait vouloir la paix \u00e0 tout prix. Mais peut-on vouloir la paix au prix de la dignit\u00e9 humaine&nbsp;? Ne reproche-t-on pas, l\u00e9gitimement, au gouvernement de Vichy d&#8217;avoir voulu la paix au sacrifice de la vie et de la dignit\u00e9 d&#8217;une partie de l&#8217;humanit\u00e9&nbsp;? Quand, en 1938,&nbsp; Chamberlain revient \u00e0 Londres apr\u00e8s avoir sign\u00e9 les accords de Munich qui abandonnent la Tch\u00e9coslovaquie \u00e0 Hitler, Winston Churchill lui dira : \u00ab Vous aviez le choix entre la guerre et le d\u00e9shonneur. Vous avez choisi le d\u00e9shonneur, et vous aurez la guerre \u00bb.&nbsp;Les collaborateurs ont choisi la paix \u00e0 tout prix, et donc le d\u00e9shonneur. Cela voudrait donc dire que la paix n&#8217;est pas toujours la meilleure des choses et que le prix \u00e0 payer pour l\u2019obtenir a des limites, celles de notre dignit\u00e9. Mais alors, si la paix n\u2019est pas la meilleure des choses, la guerre ne serait pas la pire des choses&nbsp;?<\/p>\n\n\n\n<p class=\"has-drop-cap\">Pourtant, si.&nbsp;La guerre semble toujours \u00eatre la pire des choses. C&#8217;est d&#8217;ailleurs ce qui la rend impensable. Le pire n&#8217;est jamais pensable. C&#8217;est d&#8217;ailleurs peut-\u00eatre aussi la raison pour laquelle on voit la guerre partout quand on a aucune id\u00e9e de ce qu&#8217;elle est vraiment. On parle aussi bien de la guerre des sexes que de la guerre entre g\u00e9n\u00e9rations, de la guerre \u00e9conomique comme de la guerre psychologique&#8230; Mais la guerre c\u2019est des bombardements, des cris, des morts, de l&#8217;injustice, de l&#8217;impr\u00e9visible permanent qui nourrit une peur constante, des familles qui perdent tout, qui quittent tout, c&#8217;est la faim, la soif, l&#8217;attente interminable, l&#8217;espoir impuissant, le chaos.&nbsp;<\/p>\n\n\n\n<p class=\"has-drop-cap\">Il n&#8217;y a pas de guerre propre.&nbsp;L&#8217;id\u00e9e m\u00eame d&#8217;une guerre chirurgicale qui soignerait le mal en ciblant ses attaques sans faire de dommages collat\u00e9raux n&#8217;existe pas en dehors de la propagande propre \u00e0 toutes les guerres, dans tous les camps. Les armes, le renseignement, les soldats, resteront toujours impr\u00e9cis, al\u00e9atoires et leur mise \u00e0 l&#8217;\u00e9preuve en montre toujours les failles. L&#8217;\u00e9tat de guerre est un \u00e9tat de survie qui nous laisse croire qu\u2019il n\u2019y a pas de place pour deux vies ennemies, ce sera nous ou l&#8217;ennemi. Notre coexistence commune devient impensable. Alors il faut fuir, tuer ou \u00eatre tu\u00e9. Dans toutes les guerres le droit est supplant\u00e9 par le fait et l&#8217;humanit\u00e9 par la bestialit\u00e9. La&nbsp;guerre est bien la pire des choses.<\/p>\n\n\n\n<p class=\"has-drop-cap\">Mais il y a des paix qui ne valent pas mieux que des guerres.&nbsp;A quoi bon vouloir la paix si elle se r\u00e9duit au calme des cimeti\u00e8res ? A l\u2019ob\u00e9issance \u00e0 une tyrannie ? Si la guerre est la pire des choses et la paix pas toujours la meilleure, c\u2019est donc qu\u2019elles ne s&#8217;opposent pas. Car la paix ce n&#8217;est pas le calme, l\u2019absence de trouble, la tranquillit\u00e9, la &#8220;positive attitude&#8221;, le bien-\u00eatre, la joie ou encore la bienveillance. Cette vision individualiste de la paix, qui ne renvoie qu&#8217;\u00e0 soi-m\u00eame, de plus en plus confondue avec le bonheur, s\u2019\u00e9vapore illico aux premiers combats. D\u2019ailleurs n\u2019est-ce pas cette vision r\u00e9ductrice qui rend la guerre in\u00e9luctable, en laissant croire que \u00e7a n&#8217;arrivera pas ?<\/p>\n\n\n\n<p class=\"has-drop-cap\">La paix c&#8217;est avant tout un pacte, une relation \u00e0 l&#8217;autre, un dialogue. C&#8217;est avant tout conserver \u00e0 l&#8217;autre son humanit\u00e9, ne pas le r\u00e9duire \u00e0 l&#8217;\u00e9tat de fou, de pervers, de d\u00e9g\u00e9n\u00e9r\u00e9, ne pas psychologiser son \u00e9tat pour \u00e9viter le rapport de force entre diff\u00e9rents points de vues argument\u00e9s. C\u2019est toujours facile de r\u00e9duire l\u2019autre \u00e0 un \u00e9tat psychologique d\u00e9faillant pour ne pas \u00e0 avoir \u00e0 faire face \u00e0 sa propre responsabilit\u00e9 quand les rapports d\u00e9g\u00e9n\u00e8rent. En recherchant en permanence leur bien-\u00eatre individuel, en se repliant sur elles-m\u00eames, nos soci\u00e9t\u00e9s ont oubli\u00e9 que la paix est un acte politique qui engage l&#8217;humanit\u00e9 tout enti\u00e8re. Si les actes individuels ne sont pas toujours inutiles, ils ne sont rien sans l\u2019action collective port\u00e9e par l\u2019int\u00e9r\u00eat g\u00e9n\u00e9ral humain. A ce titre, le retour de la guerre est toujours le moment o\u00f9 nous comprenons que le bien pour soi est inop\u00e9rant face au pire. Et le pire est toujours impensable. Ressentir l\u2019impensable au fond de soi,&nbsp; craindre le pire, n\u2019est-ce pas se permettre de construire les pactes qui pourraient le rendre improbable ? Se satisfaire de ce qui est, tant que le calme r\u00e8gne, n\u2019est-ce pas toujours renoncer aux progr\u00e8s de notre humanit\u00e9 ?<\/p>\n","protected":false},"excerpt":{"rendered":"<p>Dire des banalit\u00e9s sur la guerre est assez facile.\u00a0Mais y penser vraiment, est-ce possible\u00a0?\u00a0Il est de bon ton de l&#8217;opposer \u00e0 la paix et de consid\u00e9rer que si la guerre est la pire des choses, la paix serait la meilleure. Ainsi donc, il faudrait vouloir la paix \u00e0 tout prix. Mais peut-on vouloir la paix au prix de la dignit\u00e9 humaine\u00a0?<\/p>\n","protected":false},"author":1,"featured_media":0,"comment_status":"open","ping_status":"open","sticky":false,"template":"","format":"standard","meta":{"om_disable_all_campaigns":false,"_monsterinsights_skip_tracking":false,"_monsterinsights_sitenote_active":false,"_monsterinsights_sitenote_note":"","_monsterinsights_sitenote_category":0,"_jetpack_memberships_contains_paid_content":false,"footnotes":"","jetpack_publicize_message":"","jetpack_publicize_feature_enabled":true,"jetpack_social_post_already_shared":true,"jetpack_social_options":{"image_generator_settings":{"template":"highway","default_image_id":0,"font":"","enabled":false},"version":2}},"categories":[36],"tags":[60,57,61,58],"class_list":["post-801","post","type-post","status-publish","format-standard","hentry","category-actualite-critique","tag-dignite","tag-guerre","tag-humanite","tag-paix"],"aioseo_notices":[],"jetpack_publicize_connections":[],"jetpack_featured_media_url":"","jetpack_sharing_enabled":true,"jetpack_likes_enabled":true,"jetpack_shortlink":"https:\/\/wp.me\/pdsdKK-cV","_links":{"self":[{"href":"https:\/\/didierleprof.com\/index.php?rest_route=\/wp\/v2\/posts\/801","targetHints":{"allow":["GET"]}}],"collection":[{"href":"https:\/\/didierleprof.com\/index.php?rest_route=\/wp\/v2\/posts"}],"about":[{"href":"https:\/\/didierleprof.com\/index.php?rest_route=\/wp\/v2\/types\/post"}],"author":[{"embeddable":true,"href":"https:\/\/didierleprof.com\/index.php?rest_route=\/wp\/v2\/users\/1"}],"replies":[{"embeddable":true,"href":"https:\/\/didierleprof.com\/index.php?rest_route=%2Fwp%2Fv2%2Fcomments&post=801"}],"version-history":[{"count":4,"href":"https:\/\/didierleprof.com\/index.php?rest_route=\/wp\/v2\/posts\/801\/revisions"}],"predecessor-version":[{"id":805,"href":"https:\/\/didierleprof.com\/index.php?rest_route=\/wp\/v2\/posts\/801\/revisions\/805"}],"wp:attachment":[{"href":"https:\/\/didierleprof.com\/index.php?rest_route=%2Fwp%2Fv2%2Fmedia&parent=801"}],"wp:term":[{"taxonomy":"category","embeddable":true,"href":"https:\/\/didierleprof.com\/index.php?rest_route=%2Fwp%2Fv2%2Fcategories&post=801"},{"taxonomy":"post_tag","embeddable":true,"href":"https:\/\/didierleprof.com\/index.php?rest_route=%2Fwp%2Fv2%2Ftags&post=801"}],"curies":[{"name":"wp","href":"https:\/\/api.w.org\/{rel}","templated":true}]}}