{"id":794,"date":"2022-02-08T19:13:53","date_gmt":"2022-02-08T18:13:53","guid":{"rendered":"https:\/\/didierleprof.com\/?p=794"},"modified":"2022-02-08T19:13:54","modified_gmt":"2022-02-08T18:13:54","slug":"faut-il-respecter-la-nature","status":"publish","type":"post","link":"https:\/\/didierleprof.com\/?p=794","title":{"rendered":"Faut-il respecter la nature ?"},"content":{"rendered":"\n<blockquote class=\"wp-block-quote is-layout-flow wp-block-quote-is-layout-flow\"><p>Lors du #LivePhilo du 06 f\u00e9vrier 2022, #Didierleprof s\u2019est livr\u00e9 \u00e0 l\u2019analyse de la question de la semaine<\/p><\/blockquote>\n\n\n\n<ul class=\"wp-block-list\"><li>Faut-il respecter la nature ?<\/li><\/ul>\n\n\n\n<p>Reprise du live du 06 f\u00e9vrier 2022<\/p>\n\n\n\n<p>Pour \u00eatre inform\u00e9 du prochain live, suivez-nous sur les r\u00e9seaux et abonnez-vous \u00e0 ce site !<\/p>\n\n\n\n<figure class=\"wp-block-embed is-type-video is-provider-youtube wp-block-embed-youtube wp-embed-aspect-16-9 wp-has-aspect-ratio\"><div class=\"wp-block-embed__wrapper\">\n<div class=\"jetpack-video-wrapper\"><iframe loading=\"lazy\" title=\"Faut-il respecter la nature ?\" width=\"1170\" height=\"658\" src=\"https:\/\/www.youtube.com\/embed\/RvdNBH0qa38?feature=oembed\" frameborder=\"0\" allow=\"accelerometer; autoplay; clipboard-write; encrypted-media; gyroscope; picture-in-picture\" allowfullscreen><\/iframe><\/div>\n<\/div><\/figure>\n","protected":false},"excerpt":{"rendered":"<p>Vous avez rat\u00e9 le live ? Alors voil\u00e0 l&#8217;extrait sur la question de la semaine : Faut-il respecter la nature ?<br \/>\nPour ne plus rien rater, abonnez-vous au site !<\/p>\n","protected":false},"author":1,"featured_media":0,"comment_status":"open","ping_status":"open","sticky":false,"template":"","format":"standard","meta":{"om_disable_all_campaigns":false,"_monsterinsights_skip_tracking":false,"_monsterinsights_sitenote_active":false,"_monsterinsights_sitenote_note":"","_monsterinsights_sitenote_category":0,"_jetpack_memberships_contains_paid_content":false,"footnotes":"","jetpack_publicize_message":"Vous avez rat\u00e9 le live ? Alors voil\u00e0 l'extrait sur la question de la semaine : Faut-il respecter la nature ?\nPour ne plus rien rater, abonnez-vous au site !","jetpack_publicize_feature_enabled":true,"jetpack_social_post_already_shared":true,"jetpack_social_options":{"image_generator_settings":{"template":"highway","default_image_id":0,"font":"","enabled":false},"version":2}},"categories":[35],"tags":[37,42,55,23,54],"class_list":["post-794","post","type-post","status-publish","format-standard","hentry","category-question-de-la-semaine","tag-didierleprof","tag-livephilo-2","tag-nature","tag-philosophie","tag-respecter-la-nature"],"aioseo_notices":[],"jetpack_publicize_connections":[],"jetpack_featured_media_url":"","jetpack_sharing_enabled":true,"jetpack_likes_enabled":true,"jetpack_shortlink":"https:\/\/wp.me\/pdsdKK-cO","_links":{"self":[{"href":"https:\/\/didierleprof.com\/index.php?rest_route=\/wp\/v2\/posts\/794","targetHints":{"allow":["GET"]}}],"collection":[{"href":"https:\/\/didierleprof.com\/index.php?rest_route=\/wp\/v2\/posts"}],"about":[{"href":"https:\/\/didierleprof.com\/index.php?rest_route=\/wp\/v2\/types\/post"}],"author":[{"embeddable":true,"href":"https:\/\/didierleprof.com\/index.php?rest_route=\/wp\/v2\/users\/1"}],"replies":[{"embeddable":true,"href":"https:\/\/didierleprof.com\/index.php?rest_route=%2Fwp%2Fv2%2Fcomments&post=794"}],"version-history":[{"count":1,"href":"https:\/\/didierleprof.com\/index.php?rest_route=\/wp\/v2\/posts\/794\/revisions"}],"predecessor-version":[{"id":795,"href":"https:\/\/didierleprof.com\/index.php?rest_route=\/wp\/v2\/posts\/794\/revisions\/795"}],"wp:attachment":[{"href":"https:\/\/didierleprof.com\/index.php?rest_route=%2Fwp%2Fv2%2Fmedia&parent=794"}],"wp:term":[{"taxonomy":"category","embeddable":true,"href":"https:\/\/didierleprof.com\/index.php?rest_route=%2Fwp%2Fv2%2Fcategories&post=794"},{"taxonomy":"post_tag","embeddable":true,"href":"https:\/\/didierleprof.com\/index.php?rest_route=%2Fwp%2Fv2%2Ftags&post=794"}],"curies":[{"name":"wp","href":"https:\/\/api.w.org\/{rel}","templated":true}]}}