{"id":751,"date":"2022-01-13T10:53:03","date_gmt":"2022-01-13T09:53:03","guid":{"rendered":"https:\/\/didierleprof.com\/?p=751"},"modified":"2022-01-14T15:33:23","modified_gmt":"2022-01-14T14:33:23","slug":"en-republique-les-devoirs-valent-ils-avant-les-droits","status":"publish","type":"post","link":"https:\/\/didierleprof.com\/?p=751","title":{"rendered":"En r\u00e9publique, les devoirs valent-ils avant les droits ?"},"content":{"rendered":"\n<blockquote class=\"wp-block-quote is-style-large is-layout-flow wp-block-quote-is-layout-flow\"><p>Lors du #LivePhilo du 23 d\u00e9cembre 2021, #Didierleprof s\u2019est livr\u00e9 \u00e0 l\u2019analyse de la question de la semaine<\/p><\/blockquote>\n\n\n\n<ul class=\"wp-block-list\"><li>En r\u00e9publique, les devoirs valent-ils avant les droits ?<\/li><\/ul>\n\n\n\n<p>Reprise du live du 09 janvier 2022<\/p>\n\n\n\n<p>Pour \u00eatre inform\u00e9 du prochain live, suivez-nous sur les r\u00e9seaux et abonnez-vous \u00e0 ce site !<\/p>\n\n\n\n<p><\/p>\n\n\n\n<blockquote class=\"wp-block-quote is-layout-flow wp-block-quote-is-layout-flow\"><p><span class=\"has-inline-color has-vivid-green-cyan-color\">Pour des raisons techniques, la fin du live a \u00e9t\u00e9 tronqu\u00e9e. Une version \u00e9crite de l&#8217;analyse de cette question viendra bient\u00f4t compl\u00e9ter cette vid\u00e9o.<\/span><\/p><\/blockquote>\n\n\n\n<figure class=\"wp-block-embed is-type-video is-provider-youtube wp-block-embed-youtube wp-embed-aspect-16-9 wp-has-aspect-ratio\"><div class=\"wp-block-embed__wrapper\">\n<div class=\"jetpack-video-wrapper\"><iframe loading=\"lazy\" title=\"En r\u00e9publique, les devoirs valent-ils avant les droits ?\" width=\"1170\" height=\"658\" src=\"https:\/\/www.youtube.com\/embed\/3TC7U_RbHpM?feature=oembed\" frameborder=\"0\" allow=\"accelerometer; autoplay; clipboard-write; encrypted-media; gyroscope; picture-in-picture\" allowfullscreen><\/iframe><\/div>\n<\/div><\/figure>\n","protected":false},"excerpt":{"rendered":"<p>Lors du #LivePhilo du 23 d\u00e9cembre 2021, #Didierleprof s\u2019est livr\u00e9 \u00e0 l\u2019analyse de la question de la semaine En r\u00e9publique, les devoirs valent-ils avant les droits ? Reprise du live [&hellip;]<\/p>\n","protected":false},"author":1,"featured_media":0,"comment_status":"open","ping_status":"open","sticky":false,"template":"","format":"standard","meta":{"om_disable_all_campaigns":false,"_monsterinsights_skip_tracking":false,"_monsterinsights_sitenote_active":false,"_monsterinsights_sitenote_note":"","_monsterinsights_sitenote_category":0,"_jetpack_memberships_contains_paid_content":false,"footnotes":"","jetpack_publicize_message":"","jetpack_publicize_feature_enabled":true,"jetpack_social_post_already_shared":true,"jetpack_social_options":{"image_generator_settings":{"template":"highway","default_image_id":0,"font":"","enabled":false},"version":2}},"categories":[35],"tags":[48,37,47,42,23],"class_list":["post-751","post","type-post","status-publish","format-standard","hentry","category-question-de-la-semaine","tag-devoirs","tag-didierleprof","tag-droits","tag-livephilo-2","tag-philosophie"],"aioseo_notices":[],"jetpack_publicize_connections":[],"jetpack_featured_media_url":"","jetpack_sharing_enabled":true,"jetpack_likes_enabled":true,"jetpack_shortlink":"https:\/\/wp.me\/pdsdKK-c7","_links":{"self":[{"href":"https:\/\/didierleprof.com\/index.php?rest_route=\/wp\/v2\/posts\/751","targetHints":{"allow":["GET"]}}],"collection":[{"href":"https:\/\/didierleprof.com\/index.php?rest_route=\/wp\/v2\/posts"}],"about":[{"href":"https:\/\/didierleprof.com\/index.php?rest_route=\/wp\/v2\/types\/post"}],"author":[{"embeddable":true,"href":"https:\/\/didierleprof.com\/index.php?rest_route=\/wp\/v2\/users\/1"}],"replies":[{"embeddable":true,"href":"https:\/\/didierleprof.com\/index.php?rest_route=%2Fwp%2Fv2%2Fcomments&post=751"}],"version-history":[{"count":2,"href":"https:\/\/didierleprof.com\/index.php?rest_route=\/wp\/v2\/posts\/751\/revisions"}],"predecessor-version":[{"id":757,"href":"https:\/\/didierleprof.com\/index.php?rest_route=\/wp\/v2\/posts\/751\/revisions\/757"}],"wp:attachment":[{"href":"https:\/\/didierleprof.com\/index.php?rest_route=%2Fwp%2Fv2%2Fmedia&parent=751"}],"wp:term":[{"taxonomy":"category","embeddable":true,"href":"https:\/\/didierleprof.com\/index.php?rest_route=%2Fwp%2Fv2%2Fcategories&post=751"},{"taxonomy":"post_tag","embeddable":true,"href":"https:\/\/didierleprof.com\/index.php?rest_route=%2Fwp%2Fv2%2Ftags&post=751"}],"curies":[{"name":"wp","href":"https:\/\/api.w.org\/{rel}","templated":true}]}}