{"id":740,"date":"2021-12-29T17:12:32","date_gmt":"2021-12-29T16:12:32","guid":{"rendered":"https:\/\/didierleprof.com\/?p=740"},"modified":"2021-12-29T17:12:34","modified_gmt":"2021-12-29T16:12:34","slug":"3-questions-en-1-live","status":"publish","type":"post","link":"https:\/\/didierleprof.com\/?p=740","title":{"rendered":"3 questions en 1 live"},"content":{"rendered":"\n<blockquote class=\"wp-block-quote is-style-large is-layout-flow wp-block-quote-is-layout-flow\"><p>Lors du #LivePhilo du 23 d\u00e9cembre 2021, #Didierleprof s&#8217;est livr\u00e9 \u00e0 l&#8217;analyse des 3 questions de la semaine pr\u00e9c\u00e9dentes :<\/p><\/blockquote>\n\n\n\n<ul class=\"wp-block-list\"><li>\u00cates-vous s\u00fbr que personne ne peut vous prendre votre #libert\u00e9 de penser ?<\/li><li>Puis-je \u00eatre s\u00fbr d&#8217;#avoir raison ?<\/li><li>Faut-il avoir peur de l&#8217;#avenir ?<\/li><\/ul>\n\n\n\n<p>Reprise du live du 23 d\u00e9cembre 2021<\/p>\n\n\n\n<p>Pour \u00eatre inform\u00e9 du prochain live, suivez-nous sur les r\u00e9seaux et abonnez-vous \u00e0 ce site !<\/p>\n\n\n\n<figure class=\"wp-block-embed is-type-video is-provider-youtube wp-block-embed-youtube wp-embed-aspect-16-9 wp-has-aspect-ratio\"><div class=\"wp-block-embed__wrapper\">\n<div class=\"jetpack-video-wrapper\"><iframe loading=\"lazy\" title=\"Le LivePhilo du 23 d\u00e9cembre 2021\" width=\"1170\" height=\"658\" src=\"https:\/\/www.youtube.com\/embed\/q9lrgeMy7V4?feature=oembed\" frameborder=\"0\" allow=\"accelerometer; autoplay; clipboard-write; encrypted-media; gyroscope; picture-in-picture\" allowfullscreen><\/iframe><\/div>\n<\/div><\/figure>\n","protected":false},"excerpt":{"rendered":"<p>Lors du #LivePhilo du 23 d\u00e9cembre 2021, #Didierleprof s&#8217;est livr\u00e9 \u00e0 l&#8217;analyse des 3 questions de la semaine pr\u00e9c\u00e9dentes :<\/p>\n","protected":false},"author":1,"featured_media":0,"comment_status":"open","ping_status":"open","sticky":false,"template":"","format":"standard","meta":{"om_disable_all_campaigns":false,"_monsterinsights_skip_tracking":false,"_monsterinsights_sitenote_active":false,"_monsterinsights_sitenote_note":"","_monsterinsights_sitenote_category":0,"_jetpack_memberships_contains_paid_content":false,"footnotes":"","jetpack_publicize_message":"","jetpack_publicize_feature_enabled":false,"jetpack_social_post_already_shared":true,"jetpack_social_options":{"image_generator_settings":{"template":"highway","default_image_id":0,"font":"","enabled":false},"version":2}},"categories":[35],"tags":[41,44,37,43,42],"class_list":["post-740","post","type-post","status-publish","format-standard","hentry","category-question-de-la-semaine","tag-avenir","tag-avoir-raison","tag-didierleprof","tag-liberte-de-penser","tag-livephilo-2"],"aioseo_notices":[],"jetpack_publicize_connections":[],"jetpack_featured_media_url":"","jetpack_sharing_enabled":true,"jetpack_likes_enabled":true,"jetpack_shortlink":"https:\/\/wp.me\/pdsdKK-bW","_links":{"self":[{"href":"https:\/\/didierleprof.com\/index.php?rest_route=\/wp\/v2\/posts\/740","targetHints":{"allow":["GET"]}}],"collection":[{"href":"https:\/\/didierleprof.com\/index.php?rest_route=\/wp\/v2\/posts"}],"about":[{"href":"https:\/\/didierleprof.com\/index.php?rest_route=\/wp\/v2\/types\/post"}],"author":[{"embeddable":true,"href":"https:\/\/didierleprof.com\/index.php?rest_route=\/wp\/v2\/users\/1"}],"replies":[{"embeddable":true,"href":"https:\/\/didierleprof.com\/index.php?rest_route=%2Fwp%2Fv2%2Fcomments&post=740"}],"version-history":[{"count":1,"href":"https:\/\/didierleprof.com\/index.php?rest_route=\/wp\/v2\/posts\/740\/revisions"}],"predecessor-version":[{"id":741,"href":"https:\/\/didierleprof.com\/index.php?rest_route=\/wp\/v2\/posts\/740\/revisions\/741"}],"wp:attachment":[{"href":"https:\/\/didierleprof.com\/index.php?rest_route=%2Fwp%2Fv2%2Fmedia&parent=740"}],"wp:term":[{"taxonomy":"category","embeddable":true,"href":"https:\/\/didierleprof.com\/index.php?rest_route=%2Fwp%2Fv2%2Fcategories&post=740"},{"taxonomy":"post_tag","embeddable":true,"href":"https:\/\/didierleprof.com\/index.php?rest_route=%2Fwp%2Fv2%2Ftags&post=740"}],"curies":[{"name":"wp","href":"https:\/\/api.w.org\/{rel}","templated":true}]}}